{"id":3299,"date":"2023-02-16T11:49:01","date_gmt":"2023-02-16T09:49:01","guid":{"rendered":"https:\/\/autospace.md\/?p=3299"},"modified":"2023-02-16T11:49:01","modified_gmt":"2023-02-16T09:49:01","slug":"placerea-de-a-conduce-o-decapotabila-cu-zero-emisii-primul-mini-cooper-se-cabriolet-electric","status":"publish","type":"post","link":"https:\/\/autospace.md\/ru\/placerea-de-a-conduce-o-decapotabila-cu-zero-emisii-primul-mini-cooper-se-cabriolet-electric\/","title":{"rendered":"Pl\u0103cerea de a conduce o decapotabil\u0103 cu zero emisii: primul MINI Cooper SE Cabriolet electric."},"content":{"rendered":"<p>\u00cen urma reac\u0163iilor pozitive cu privire la unicatul prezentat \u00een vara anului 2022, MINI continu\u0103 acum cu o serie mic\u0103 MINI Cooper SE Cabriolet care reprezint\u0103 un alt pas mare \u00een direc\u0163ia mobilit\u0103\u0163ii electrice. Din aprilie 2023, MINI Cooper SE Cabriolet va fi disponibil \u00een Europa \u00eentr-un num\u0103r limitat de 999 de unit\u0103\u0163i.<\/p>\n\n\n\n<p>MINI Cooper SE Cabriolet este disponibil \u00een Enigmatic Black \u015fi White SIlver. M\u00e2nerele u\u015filor, semnalizatoarele laterale \u015fi contururile farurilor \u015fi ale stopurilor sunt finisate \u00een Resolute Bronze. Siglele MINI \u015fi literele modelului sunt decorate \u00een nuan\u0163a Piano Black. Sigla E, cunoscut\u0103 de la MINI Cooper SE, se g\u0103se\u015fte pe spoilerul fa\u0163\u0103 \u015fi \u00een spate, subliniind astfel vizual pl\u0103cerea de a conduce f\u0103r\u0103 emisii locale.<\/p>\n\n\n\n<p><strong>Sentiment go-kart electrizant<\/strong><\/p>\n\n\n\n<p>Cu o lungime de 3.863 mm, un ampatament de 2.495 mm, o l\u0103\u0163ime de 1.727 mm \u015fi o \u00een\u0103l\u0163ime de 1.455 mm, dimensiunile, inclusiv portbagajul cu volum de \u00eenc\u0103rcare de 160 l, r\u0103m\u00e2n neschimbate fa\u0163\u0103 de MINI Cabriolet cu motor conven\u0163ional. Motorul electric de 135 kW\/184 CP provine de la centrele de competen\u0163\u0103 \u00een mobilitate electric\u0103 ale BMW Group din Dingolfing \u015fi Landshut. Dimensiunile sale mici permit o distribu\u0163ie deosebit de armonioas\u0103 a sarcinii pe pun\u0163i \u015fi favorizeaz\u0103 manevrarea agil\u0103 \u015fi u\u015for de controlat. Propulsia electric\u0103 accelereaz\u0103 MINI Cooper SE Cabriolet de la 0 la 100 km\/h \u00een 7,3 secunde.<\/p>\n\n\n\n<p>Cu o autonomie de 201 de kilometri determinat\u0103 \u00een ciclul de testare WLTP, excursiile cu decapotabila sunt posibile cu mult dincolo de limitele ora\u015fului. P\u00e2n\u0103 la 30 km\/h, soft topul din material textil, alimentat electric \u015fi, prin urmare, deosebit de silen\u0163ios, \u00een stilul MINI Yours, cu model Union Jack tipic, poate fi deschis, \u00eenchis sau fixat ca un acoperi\u015f glisant.<\/p>\n\n\n\n<figure class=\"wp-block-gallery has-nested-images columns-default is-cropped wp-block-gallery-1 is-layout-flex wp-block-gallery-is-layout-flex\">\n<figure class=\"wp-block-image size-large\"><img loading=\"lazy\" decoding=\"async\" width=\"1024\" height=\"683\" data-id=\"3301\" src=\"https:\/\/autospace.md\/wp-content\/uploads\/2023\/02\/P90493858_highRes_mini-cooper-se-conve-1-min-1024x683.jpg\" alt=\"\" class=\"wp-image-3301\" srcset=\"https:\/\/autospace.md\/wp-content\/uploads\/2023\/02\/P90493858_highRes_mini-cooper-se-conve-1-min-1024x683.jpg 1024w, https:\/\/autospace.md\/wp-content\/uploads\/2023\/02\/P90493858_highRes_mini-cooper-se-conve-1-min-300x200.jpg 300w, https:\/\/autospace.md\/wp-content\/uploads\/2023\/02\/P90493858_highRes_mini-cooper-se-conve-1-min-768x512.jpg 768w, https:\/\/autospace.md\/wp-content\/uploads\/2023\/02\/P90493858_highRes_mini-cooper-se-conve-1-min-1536x1024.jpg 1536w, https:\/\/autospace.md\/wp-content\/uploads\/2023\/02\/P90493858_highRes_mini-cooper-se-conve-1-min-18x12.jpg 18w, https:\/\/autospace.md\/wp-content\/uploads\/2023\/02\/P90493858_highRes_mini-cooper-se-conve-1-min-600x400.jpg 600w, https:\/\/autospace.md\/wp-content\/uploads\/2023\/02\/P90493858_highRes_mini-cooper-se-conve-1-min-150x100.jpg 150w, https:\/\/autospace.md\/wp-content\/uploads\/2023\/02\/P90493858_highRes_mini-cooper-se-conve-1-min.jpg 1920w\" sizes=\"auto, (max-width: 1024px) 100vw, 1024px\" \/><\/figure>\n<\/figure>","protected":false},"excerpt":{"rendered":"<p>\u00cen urma reac\u0163iilor pozitive cu privire la unicatul prezentat \u00een vara anului 2022, MINI continu\u0103 acum cu o serie mic\u0103<\/p>","protected":false},"author":6,"featured_media":3300,"comment_status":"open","ping_status":"open","sticky":false,"template":"","format":"standard","meta":{"_acf_changed":false,"footnotes":""},"categories":[1],"tags":[],"class_list":["post-3299","post","type-post","status-publish","format-standard","has-post-thumbnail","hentry","category-noutati"],"acf":[],"_links":{"self":[{"href":"https:\/\/autospace.md\/ru\/wp-json\/wp\/v2\/posts\/3299","targetHints":{"allow":["GET"]}}],"collection":[{"href":"https:\/\/autospace.md\/ru\/wp-json\/wp\/v2\/posts"}],"about":[{"href":"https:\/\/autospace.md\/ru\/wp-json\/wp\/v2\/types\/post"}],"author":[{"embeddable":true,"href":"https:\/\/autospace.md\/ru\/wp-json\/wp\/v2\/users\/6"}],"replies":[{"embeddable":true,"href":"https:\/\/autospace.md\/ru\/wp-json\/wp\/v2\/comments?post=3299"}],"version-history":[{"count":1,"href":"https:\/\/autospace.md\/ru\/wp-json\/wp\/v2\/posts\/3299\/revisions"}],"predecessor-version":[{"id":3302,"href":"https:\/\/autospace.md\/ru\/wp-json\/wp\/v2\/posts\/3299\/revisions\/3302"}],"wp:featuredmedia":[{"embeddable":true,"href":"https:\/\/autospace.md\/ru\/wp-json\/wp\/v2\/media\/3300"}],"wp:attachment":[{"href":"https:\/\/autospace.md\/ru\/wp-json\/wp\/v2\/media?parent=3299"}],"wp:term":[{"taxonomy":"category","embeddable":true,"href":"https:\/\/autospace.md\/ru\/wp-json\/wp\/v2\/categories?post=3299"},{"taxonomy":"post_tag","embeddable":true,"href":"https:\/\/autospace.md\/ru\/wp-json\/wp\/v2\/tags?post=3299"}],"curies":[{"name":"wp","href":"https:\/\/api.w.org\/{rel}","templated":true}]}}