{"id":3552,"date":"2023-03-02T14:52:17","date_gmt":"2023-03-02T12:52:17","guid":{"rendered":"https:\/\/autospace.md\/?p=3552"},"modified":"2023-03-02T14:54:58","modified_gmt":"2023-03-02T12:54:58","slug":"bmw-group-aduce-automobilele-cu-hidrogen-pe-sosele-lansarea-flotei-pilot-bmw-ix5-hydrogen","status":"publish","type":"post","link":"https:\/\/autospace.md\/ru\/bmw-group-aduce-automobilele-cu-hidrogen-pe-sosele-lansarea-flotei-pilot-bmw-ix5-hydrogen\/","title":{"rendered":"BMW Group aduce automobilele cu hidrogen pe \u015fosele: lansarea flotei-pilot BMW iX5 Hydrogen."},"content":{"rendered":"<p>BMW Group a prezentat primele automobile dintr-o flot\u0103-pilot care va intra \u00een func\u0163iune anul acesta. Dup\u0103 patru ani de activitate de dezvoltare, modelul BMW iX5 Hydrogen \u015fi proiectul de dezvoltare intr\u0103 \u00een urm\u0103toarea etap\u0103 critic\u0103.<\/p>\n\n\n\n<p>Flota de sub 100 de automobile va fi utilizat\u0103 la nivel interna\u0163ional \u00een scop demonstrativ \u015fi de testare pentru diferite grupuri-\u0163int\u0103. Aceast\u0103 experien\u0163\u0103 de condus activ\u0103 va fi, prin urmare, prima \u015fans\u0103 pentru persoanele care nu sunt implicate \u00een procesul de dezvoltare de a ob\u0163ine o impresie direct\u0103 a ceea ce are de oferit BMW iX5 Hydrogen.<\/p>\n\n\n\n<p>BMW iX5 Hydrogen dezvoltat pe baza actualului BMW X5 a fost dezv\u0103luit pentru prima dat\u0103 sub form\u0103 de concept la Salonul Auto de la Frankfurt (IAA) din 2019. Ulterior, prototipurile ini\u0163iale au fost puse la dispozi\u0163ie la IAA Mobility 2021 de la M\u00fcnchen, pentru un program de transport al participan\u0163ilor la eveniment.<\/p>\n\n\n\n<p><strong>Datele tehnice de performan\u0163\u0103, consum de combustibil \u015fi autonomie pentru BMW iX5 Hydrogen &#8211; pe scurt:<\/strong><\/p>\n\n\n\n<p><strong>Putere maxim\u0103 a sistemului de propulsie general:<\/strong>&nbsp;295 kW\/401 CP<\/p>\n\n\n\n<p><strong>Putere electric\u0103 continu\u0103 a sistemului de pile de combustie:<\/strong>&nbsp;125 kW\/170 CP<\/p>\n\n\n\n<p><strong>Putere maxim\u0103 a bateriei (tehnologie litiu-ion):<\/strong>&nbsp;170 kW\/231 CP<\/p>\n\n\n\n<p><strong>Putere maxim\u0103 a sistemului de propulsie electric foarte integrat:<\/strong>&nbsp;295 kW\/401 CP<\/p>\n\n\n\n<p><strong>Capacitatea rezervoarelor de hidrogen:<\/strong>&nbsp;6 kg hidrogen (gazos)<\/p>\n\n\n\n<p><strong>Accelera\u0163ie 0-100 km\/h:<\/strong>&nbsp;sub 6 s<\/p>\n\n\n\n<p><strong>Vitez\u0103 maxim\u0103:<\/strong>&nbsp;peste 180 km\/h<\/p>\n\n\n\n<p><strong>Consum de hidrogen \u00een testul WLTP:<\/strong>&nbsp;1,19 kg\/100 km<\/p>\n\n\n\n<p><strong>Autonomie \u00een ciclul WLTP:<\/strong>&nbsp;504 km<\/p>\n\n\n\n<p><\/p>","protected":false},"excerpt":{"rendered":"<p>BMW Group a prezentat primele automobile dintr-o flot\u0103-pilot care va intra \u00een func\u0163iune anul acesta. Dup\u0103 patru ani de activitate<\/p>","protected":false},"author":6,"featured_media":3556,"comment_status":"open","ping_status":"open","sticky":false,"template":"","format":"standard","meta":{"_acf_changed":false,"footnotes":""},"categories":[1],"tags":[],"class_list":["post-3552","post","type-post","status-publish","format-standard","has-post-thumbnail","hentry","category-noutati"],"acf":[],"_links":{"self":[{"href":"https:\/\/autospace.md\/ru\/wp-json\/wp\/v2\/posts\/3552","targetHints":{"allow":["GET"]}}],"collection":[{"href":"https:\/\/autospace.md\/ru\/wp-json\/wp\/v2\/posts"}],"about":[{"href":"https:\/\/autospace.md\/ru\/wp-json\/wp\/v2\/types\/post"}],"author":[{"embeddable":true,"href":"https:\/\/autospace.md\/ru\/wp-json\/wp\/v2\/users\/6"}],"replies":[{"embeddable":true,"href":"https:\/\/autospace.md\/ru\/wp-json\/wp\/v2\/comments?post=3552"}],"version-history":[{"count":1,"href":"https:\/\/autospace.md\/ru\/wp-json\/wp\/v2\/posts\/3552\/revisions"}],"predecessor-version":[{"id":3555,"href":"https:\/\/autospace.md\/ru\/wp-json\/wp\/v2\/posts\/3552\/revisions\/3555"}],"wp:featuredmedia":[{"embeddable":true,"href":"https:\/\/autospace.md\/ru\/wp-json\/wp\/v2\/media\/3556"}],"wp:attachment":[{"href":"https:\/\/autospace.md\/ru\/wp-json\/wp\/v2\/media?parent=3552"}],"wp:term":[{"taxonomy":"category","embeddable":true,"href":"https:\/\/autospace.md\/ru\/wp-json\/wp\/v2\/categories?post=3552"},{"taxonomy":"post_tag","embeddable":true,"href":"https:\/\/autospace.md\/ru\/wp-json\/wp\/v2\/tags?post=3552"}],"curies":[{"name":"wp","href":"https:\/\/api.w.org\/{rel}","templated":true}]}}