{"id":3713,"date":"2023-04-03T09:33:30","date_gmt":"2023-04-03T07:33:30","guid":{"rendered":"https:\/\/autospace.md\/?p=3713"},"modified":"2023-04-03T09:33:31","modified_gmt":"2023-04-03T07:33:31","slug":"naomi-campbell-devine-creator-pentru-campania-de-comunicare-a-lansarii-primului-bmw-xm","status":"publish","type":"post","link":"https:\/\/autospace.md\/ru\/naomi-campbell-devine-creator-pentru-campania-de-comunicare-a-lansarii-primului-bmw-xm\/","title":{"rendered":"Naomi Campbell devine creator pentru campania de comunicare a lans\u0103rii primului BMW XM."},"content":{"rendered":"<p>Campania de comunicare a lans\u0103rii noului BMW XM, primul automobil de \u00eenalt\u0103 performan\u0163\u0103 cu propulsie M HYBRID, va fi demarat\u0103 de BMW \u00eempreun\u0103 cu parteneri creativi puternici \u015fi independen\u0163i. \u00cen prim plan: Naomi Campbell, model, actri\u0163\u0103, inovator cultural \u015fi una dintre cele mai influente figuri de pe scena modei interna\u0163ionale din ultimele patru decenii. Cu ea \u00een calitate de cocreator, comunicarea la nivel mondial pentru lansarea pe pia\u0163\u0103 a BMW XM sub sloganul &#8220;Dare to be You&#8221; (\u00cendr\u0103zne\u015fte s\u0103 fii Tu) pune \u00een prim plan stilului de via\u0163\u0103 extrovertit \u015fi independen\u0163a asumat\u0103. Primul BMW XM, \u00een egal\u0103 m\u0103sur\u0103, este o declara\u0163ie de design extrovertit, dar totodat\u0103 este pionierul performan\u0163ei maxime cu propulsie electrificat\u0103.<\/p>\n\n\n\n<p>&#8220;Sloganul BMW M &#8211; \u00abDare to be You\u00bb &#8211; m-a atras imediat pentru c\u0103 descrie exact atitudinea de \u00eencredere care este necesar\u0103 pentru progres \u015fi schimbare pozitiv\u0103&#8221;, declar\u0103 Naomi Campbell. Un punct important al colabor\u0103rii cu marca german\u0103 este un model unic al BMW XM cu un design semnat Naomi Capbell, model ce urmeaz\u0103 s\u0103 fie prezentat \u00een cursul anului 2023.<\/p>\n\n\n\n<p>Preluat din cursele de anduran\u0163\u0103 \u015fi folosit pentru prima dat\u0103 \u00eentr-un model de produc\u0163ie, sistemul de propulsie M HYBRID al BMW XM genereaz\u0103 o putere total\u0103 de 480 kW\/653 CP. Din toamna anului 2023, ca model special BMW XM Label Red \u015fi cu o putere maxim\u0103 de 550 kW\/748 CP, duc\u00e2nd \u015fi mai departe limita performan\u0163elor BMW M GmbH.<\/p>","protected":false},"excerpt":{"rendered":"<p>Campania de comunicare a lans\u0103rii noului BMW XM, primul automobil de \u00eenalt\u0103 performan\u0163\u0103 cu propulsie M HYBRID, va fi demarat\u0103<\/p>","protected":false},"author":6,"featured_media":3715,"comment_status":"open","ping_status":"open","sticky":false,"template":"","format":"standard","meta":{"_acf_changed":false,"footnotes":""},"categories":[1],"tags":[],"class_list":["post-3713","post","type-post","status-publish","format-standard","has-post-thumbnail","hentry","category-noutati"],"acf":[],"_links":{"self":[{"href":"https:\/\/autospace.md\/ru\/wp-json\/wp\/v2\/posts\/3713","targetHints":{"allow":["GET"]}}],"collection":[{"href":"https:\/\/autospace.md\/ru\/wp-json\/wp\/v2\/posts"}],"about":[{"href":"https:\/\/autospace.md\/ru\/wp-json\/wp\/v2\/types\/post"}],"author":[{"embeddable":true,"href":"https:\/\/autospace.md\/ru\/wp-json\/wp\/v2\/users\/6"}],"replies":[{"embeddable":true,"href":"https:\/\/autospace.md\/ru\/wp-json\/wp\/v2\/comments?post=3713"}],"version-history":[{"count":1,"href":"https:\/\/autospace.md\/ru\/wp-json\/wp\/v2\/posts\/3713\/revisions"}],"predecessor-version":[{"id":3716,"href":"https:\/\/autospace.md\/ru\/wp-json\/wp\/v2\/posts\/3713\/revisions\/3716"}],"wp:featuredmedia":[{"embeddable":true,"href":"https:\/\/autospace.md\/ru\/wp-json\/wp\/v2\/media\/3715"}],"wp:attachment":[{"href":"https:\/\/autospace.md\/ru\/wp-json\/wp\/v2\/media?parent=3713"}],"wp:term":[{"taxonomy":"category","embeddable":true,"href":"https:\/\/autospace.md\/ru\/wp-json\/wp\/v2\/categories?post=3713"},{"taxonomy":"post_tag","embeddable":true,"href":"https:\/\/autospace.md\/ru\/wp-json\/wp\/v2\/tags?post=3713"}],"curies":[{"name":"wp","href":"https:\/\/api.w.org\/{rel}","templated":true}]}}