{"id":3717,"date":"2023-04-03T09:38:22","date_gmt":"2023-04-03T07:38:22","guid":{"rendered":"https:\/\/autospace.md\/?p=3717"},"modified":"2023-04-03T09:38:23","modified_gmt":"2023-04-03T07:38:23","slug":"digital-dinamic-si-acum-electric-bmw-seria-5-intra-intr-o-noua-era","status":"publish","type":"post","link":"https:\/\/autospace.md\/ru\/digital-dinamic-si-acum-electric-bmw-seria-5-intra-intr-o-noua-era\/","title":{"rendered":"Digital, dinamic \u015fi acum electric: BMW Seria 5 intr\u0103 \u00eentr-o nou\u0103 er\u0103."},"content":{"rendered":"<p>\u00cen doar c\u00e2teva luni, a opta genera\u0163ie a BMW Seria 5 Sedan \u00ee\u015fi va face debutul. Noul model este mai dinamic \u015fi mai confortabil ca niciodat\u0103 \u015fi se remarc\u0103 cu o interpretare modern\u0103 a designului s\u0103u elegant \u015fi sportiv, \u00a0al\u0103turi de sistemul de operare BMW 8.5 cu ecran central curbat BMW, servicii digitale inovatoare \u015fi, pentru prima dat\u0103, un sistem de propulsie electric pentru versiunea BMW i5.<\/p>\n\n\n\n<p>Noul BMW Seria 5 Sedan va fi construit exclusiv la uzina BMW Group din Dingolfing. Fabrica din Bavaria Inferioar\u0103 este cea mai mare loca\u0163ie de produc\u0163ie a companiei din Europa. Produc\u0163ia noului BMW Seria 5 va \u00eencepe \u00een acela\u015fi an \u00een care uzina marcheaz\u0103 50 de ani de produc\u0163ie a modelelor BMW. Automobilele m\u0103rcii au ie\u015fit de pe liniile de produc\u0163ie din Dingolfing din 1973, portofoliul s\u0103u actual incluz\u00e2nd modelele de lux BMW Seria 7 \u015fi Seria 8, precum \u015fi BMW iX electric. Uzina BMW Group din Dingolfing g\u0103zduie\u015fte, de asemenea, centrul de competen\u0163e al companiei pentru produc\u0163ia de sisteme de propulsie electrice, ale c\u0103rui sarcini includ producerea at\u00e2t a motoarelor electrice, c\u00e2t \u015fi a bateriilor de \u00eenalt\u0103 tensiune pentru BMW i5.<\/p>\n\n\n\n<p>Lansarea la nivel mondial a noului BMW Seria 5 Sedan este programat\u0103 pentru octombrie 2023.<\/p>","protected":false},"excerpt":{"rendered":"<p>\u00cen doar c\u00e2teva luni, a opta genera\u0163ie a BMW Seria 5 Sedan \u00ee\u015fi va face debutul. Noul model este mai<\/p>","protected":false},"author":6,"featured_media":3718,"comment_status":"open","ping_status":"open","sticky":false,"template":"","format":"standard","meta":{"_acf_changed":false,"footnotes":""},"categories":[1],"tags":[],"class_list":["post-3717","post","type-post","status-publish","format-standard","has-post-thumbnail","hentry","category-noutati"],"acf":[],"_links":{"self":[{"href":"https:\/\/autospace.md\/ru\/wp-json\/wp\/v2\/posts\/3717","targetHints":{"allow":["GET"]}}],"collection":[{"href":"https:\/\/autospace.md\/ru\/wp-json\/wp\/v2\/posts"}],"about":[{"href":"https:\/\/autospace.md\/ru\/wp-json\/wp\/v2\/types\/post"}],"author":[{"embeddable":true,"href":"https:\/\/autospace.md\/ru\/wp-json\/wp\/v2\/users\/6"}],"replies":[{"embeddable":true,"href":"https:\/\/autospace.md\/ru\/wp-json\/wp\/v2\/comments?post=3717"}],"version-history":[{"count":1,"href":"https:\/\/autospace.md\/ru\/wp-json\/wp\/v2\/posts\/3717\/revisions"}],"predecessor-version":[{"id":3719,"href":"https:\/\/autospace.md\/ru\/wp-json\/wp\/v2\/posts\/3717\/revisions\/3719"}],"wp:featuredmedia":[{"embeddable":true,"href":"https:\/\/autospace.md\/ru\/wp-json\/wp\/v2\/media\/3718"}],"wp:attachment":[{"href":"https:\/\/autospace.md\/ru\/wp-json\/wp\/v2\/media?parent=3717"}],"wp:term":[{"taxonomy":"category","embeddable":true,"href":"https:\/\/autospace.md\/ru\/wp-json\/wp\/v2\/categories?post=3717"},{"taxonomy":"post_tag","embeddable":true,"href":"https:\/\/autospace.md\/ru\/wp-json\/wp\/v2\/tags?post=3717"}],"curies":[{"name":"wp","href":"https:\/\/api.w.org\/{rel}","templated":true}]}}