{"id":3741,"date":"2023-04-13T10:01:05","date_gmt":"2023-04-13T08:01:05","guid":{"rendered":"https:\/\/autospace.md\/?p=3741"},"modified":"2023-04-13T10:01:06","modified_gmt":"2023-04-13T08:01:06","slug":"bmw-xm-label-red","status":"publish","type":"post","link":"https:\/\/autospace.md\/ru\/bmw-xm-label-red\/","title":{"rendered":"BMW XM Label Red"},"content":{"rendered":"<p>Mai puternic, mai exclusivist, mai extrovertit: la doar c\u00e2teva luni dup\u0103 \u00eenceperea produc\u0163iei noului BMW XM, BMW M GmbH prezint\u0103 v\u00e2rful de gam\u0103 al primului s\u0103u automobil de \u00eenalt\u0103 performan\u0163\u0103 cu un sistem de propulsie electrificat: BMW XM Lavel Red. Sistemul plug-in hybrid dezvolt\u0103 o putere maxim\u0103 de de 550 kW\/748 CP (generat\u0103 prin combina\u0163ia dintre un motor termic V8 de p\u00e2n\u0103 la 430 kW\/585 CP \u015fi un motor electric integrat \u00een transmisia M Steptronic cu opt trepte care produce p\u00e2n\u0103 la 145 kW\/197 CP), BMW XM Label Red nu este doar cel mai puternic model BMW din istorie, dar se afl\u0103 \u00een fruntea clasamentelor de putere \u00een segmentele Sports Activity Vehicle \u015fi Sports Activity Coup\u00e9.<\/p>\n\n\n\n<p>BMW XM Label Red r\u0103spunde nevoilor \u015fi dorin\u0163elor unui grup-\u0163int\u0103 global &#8211; clien\u0163i care apreciaz\u0103 stilul de via\u0163\u0103 extrovertit \u015fi o pasiune pentru performan\u0163a maxim\u0103 \u00eentr-un automobil care dep\u0103\u015fe\u015fte conven\u0163iile tradi\u0163ionale. Produc\u0163ia va \u00eencepe \u00een august 2023 la uzina BMW Group din Spartanburg (SUA). Pentru acela\u015fi perioad\u0103 este programat\u0103 o edi\u0163ie exclusiv\u0103 a v\u00e2rfului de gam\u0103, limitat\u0103 la 500 de exemplare \u015fi av\u00e2nd un finisaj exterior BMW Individual \u00een culoarea Frozen Carbon Black metalizat.<\/p>","protected":false},"excerpt":{"rendered":"<p>Mai puternic, mai exclusivist, mai extrovertit: la doar c\u00e2teva luni dup\u0103 \u00eenceperea produc\u0163iei noului BMW XM, BMW M GmbH prezint\u0103<\/p>","protected":false},"author":6,"featured_media":3743,"comment_status":"open","ping_status":"open","sticky":false,"template":"","format":"standard","meta":{"_acf_changed":false,"footnotes":""},"categories":[1],"tags":[],"class_list":["post-3741","post","type-post","status-publish","format-standard","has-post-thumbnail","hentry","category-noutati"],"acf":[],"_links":{"self":[{"href":"https:\/\/autospace.md\/ru\/wp-json\/wp\/v2\/posts\/3741","targetHints":{"allow":["GET"]}}],"collection":[{"href":"https:\/\/autospace.md\/ru\/wp-json\/wp\/v2\/posts"}],"about":[{"href":"https:\/\/autospace.md\/ru\/wp-json\/wp\/v2\/types\/post"}],"author":[{"embeddable":true,"href":"https:\/\/autospace.md\/ru\/wp-json\/wp\/v2\/users\/6"}],"replies":[{"embeddable":true,"href":"https:\/\/autospace.md\/ru\/wp-json\/wp\/v2\/comments?post=3741"}],"version-history":[{"count":1,"href":"https:\/\/autospace.md\/ru\/wp-json\/wp\/v2\/posts\/3741\/revisions"}],"predecessor-version":[{"id":3744,"href":"https:\/\/autospace.md\/ru\/wp-json\/wp\/v2\/posts\/3741\/revisions\/3744"}],"wp:featuredmedia":[{"embeddable":true,"href":"https:\/\/autospace.md\/ru\/wp-json\/wp\/v2\/media\/3743"}],"wp:attachment":[{"href":"https:\/\/autospace.md\/ru\/wp-json\/wp\/v2\/media?parent=3741"}],"wp:term":[{"taxonomy":"category","embeddable":true,"href":"https:\/\/autospace.md\/ru\/wp-json\/wp\/v2\/categories?post=3741"},{"taxonomy":"post_tag","embeddable":true,"href":"https:\/\/autospace.md\/ru\/wp-json\/wp\/v2\/tags?post=3741"}],"curies":[{"name":"wp","href":"https:\/\/api.w.org\/{rel}","templated":true}]}}