{"id":4030,"date":"2023-09-05T09:55:12","date_gmt":"2023-09-05T07:55:12","guid":{"rendered":"https:\/\/autospace.md\/?p=4030"},"modified":"2023-09-05T09:55:12","modified_gmt":"2023-09-05T07:55:12","slug":"bmw-se-reinventeaza-bmw-vision-neue-klasse","status":"publish","type":"post","link":"https:\/\/autospace.md\/ru\/bmw-se-reinventeaza-bmw-vision-neue-klasse\/","title":{"rendered":"BMW se reinventeaz\u0103: BMW Vision Neue Klasse."},"content":{"rendered":"<p>Cu cel mai recent concept de design, BMW Vision Neue Klasse, BMW Group arat\u0103 cum va ar\u0103ta urm\u0103toarea genera\u0163ie de automobile ale m\u0103rcii sale principale, BMW. &#8220;BMW Vision Neue Klasse combin\u0103 capacitatea noastr\u0103 de a inova \u00een domeniile esen\u0163iale ale electrific\u0103rii, digitaliz\u0103rii \u015fi circularit\u0103\u0163ii&#8221;, declar\u0103 Oliver Zipse, pre\u015fedintele Consiliului de Administra\u0163ie al BMW AG. &#8220;\u00cen acest fel suntem \u00eentotdeauna capabili s\u0103 fim cu doi pa\u015fi \u00eenaintea viitorului: Neue Klasse aduce deja mobilitatea urm\u0103torului deceniu pe \u015fosele \u00eenc\u0103 din 2025 \u015fi conduce BMW \u00eentr-o nou\u0103 er\u0103.&#8221;<\/p>","protected":false},"excerpt":{"rendered":"<p>Cu cel mai recent concept de design, BMW Vision Neue Klasse, BMW Group arat\u0103 cum va ar\u0103ta urm\u0103toarea genera\u0163ie de<\/p>","protected":false},"author":6,"featured_media":4031,"comment_status":"open","ping_status":"open","sticky":false,"template":"","format":"standard","meta":{"_acf_changed":false,"footnotes":""},"categories":[1],"tags":[],"class_list":["post-4030","post","type-post","status-publish","format-standard","has-post-thumbnail","hentry","category-noutati"],"acf":[],"_links":{"self":[{"href":"https:\/\/autospace.md\/ru\/wp-json\/wp\/v2\/posts\/4030","targetHints":{"allow":["GET"]}}],"collection":[{"href":"https:\/\/autospace.md\/ru\/wp-json\/wp\/v2\/posts"}],"about":[{"href":"https:\/\/autospace.md\/ru\/wp-json\/wp\/v2\/types\/post"}],"author":[{"embeddable":true,"href":"https:\/\/autospace.md\/ru\/wp-json\/wp\/v2\/users\/6"}],"replies":[{"embeddable":true,"href":"https:\/\/autospace.md\/ru\/wp-json\/wp\/v2\/comments?post=4030"}],"version-history":[{"count":1,"href":"https:\/\/autospace.md\/ru\/wp-json\/wp\/v2\/posts\/4030\/revisions"}],"predecessor-version":[{"id":4032,"href":"https:\/\/autospace.md\/ru\/wp-json\/wp\/v2\/posts\/4030\/revisions\/4032"}],"wp:featuredmedia":[{"embeddable":true,"href":"https:\/\/autospace.md\/ru\/wp-json\/wp\/v2\/media\/4031"}],"wp:attachment":[{"href":"https:\/\/autospace.md\/ru\/wp-json\/wp\/v2\/media?parent=4030"}],"wp:term":[{"taxonomy":"category","embeddable":true,"href":"https:\/\/autospace.md\/ru\/wp-json\/wp\/v2\/categories?post=4030"},{"taxonomy":"post_tag","embeddable":true,"href":"https:\/\/autospace.md\/ru\/wp-json\/wp\/v2\/tags?post=4030"}],"curies":[{"name":"wp","href":"https:\/\/api.w.org\/{rel}","templated":true}]}}